{"id":12203,"global_id":"thereser.org\/es\/?id=12203","global_id_lineage":["thereser.org\/es\/?id=12203"],"author":"3","status":"publish","date":"2023-07-26 19:30:32","date_utc":"2023-07-27 02:30:32","modified":"2025-03-11 11:27:23","modified_utc":"2025-03-11 18:27:23","url":"https:\/\/thereser.org\/es\/event\/primer-viernes-recepcion-inaugural\/","rest_url":"https:\/\/thereser.org\/es\/wp-json\/tribe\/events\/v1\/events\/12203","title":"Primer viernes: Recepci\u00f3n inaugural","description":"<p>Primer viernes: Recepci\u00f3n inaugural<\/p>\n<p>Recepci\u00f3n de apertura: Karl LeClair y Miroslav Lovric<br \/>\n04 de agosto | 18 h \u2013 21 h<\/p>\n<p>Los recuerdos son fragmentos de momentos procesados y almacenados para su posterior recuerdo y exploraci\u00f3n. Los artistas Karl LeClair y Miroslav Lovric extraen momentos del pasado, as\u00ed como elementos de sus sue\u00f1os, para crear obras imaginativas y bellas que ilustran, a veces, las fuerzas que est\u00e1n m\u00e1s all\u00e1 de nuestra percepci\u00f3n. \u00danase a The Reser para celebrar sus nuevas exposiciones en la recepci\u00f3n inaugural del Primer Viernes y explorar m\u00e1s de su obra.<\/p>\n<p>Foto: <em>Omisiones n\u00ba 2<\/em> de Karl LeClair<\/p>","excerpt":"","slug":"primer-viernes-recepcion-inaugural","image":{"url":"https:\/\/thereser.org\/wp-content\/uploads\/2023\/07\/Aug-4_hero.png","id":11346,"extension":"png","width":1200,"height":808,"filesize":1659689,"sizes":{"medium":{"width":300,"height":202,"mime-type":"image\/png","filesize":110494,"url":"https:\/\/thereser.org\/wp-content\/uploads\/2023\/07\/Aug-4_hero-300x202.png"},"large":{"width":1024,"height":689,"mime-type":"image\/png","filesize":1144354,"url":"https:\/\/thereser.org\/wp-content\/uploads\/2023\/07\/Aug-4_hero-1024x689.png"},"thumbnail":{"width":150,"height":150,"mime-type":"image\/png","filesize":40182,"url":"https:\/\/thereser.org\/wp-content\/uploads\/2023\/07\/Aug-4_hero-150x150.png"},"medium_large":{"width":768,"height":517,"mime-type":"image\/png","filesize":683286,"url":"https:\/\/thereser.org\/wp-content\/uploads\/2023\/07\/Aug-4_hero-768x517.png"},"grid-image":{"width":1128,"height":808,"mime-type":"image\/png","filesize":1544465,"url":"https:\/\/thereser.org\/wp-content\/uploads\/2023\/07\/Aug-4_hero-1128x808.png"}}},"all_day":false,"start_date":"2023-08-04 18:00:00","start_date_details":{"year":"2023","month":"08","day":"04","hour":"18","minutes":"00","seconds":"00"},"end_date":"2023-08-04 21:00:00","end_date_details":{"year":"2023","month":"08","day":"04","hour":"21","minutes":"00","seconds":"00"},"utc_start_date":"2023-08-05 01:00:00","utc_start_date_details":{"year":"2023","month":"08","day":"05","hour":"01","minutes":"00","seconds":"00"},"utc_end_date":"2023-08-05 04:00:00","utc_end_date_details":{"year":"2023","month":"08","day":"05","hour":"04","minutes":"00","seconds":"00"},"timezone":"America\/Los_Angeles","timezone_abbr":"PDT","cost":"GRATIS","cost_details":{"currency_symbol":"","currency_code":"","currency_position":"","values":["gratis"]},"website":"https:\/\/thereser.org\/es\/event\/primer-viernes-recepcion-inaugural\/","show_map":false,"show_map_link":false,"hide_from_listings":false,"sticky":false,"featured":false,"categories":[],"tags":[],"venue":{"id":12406,"author":"2","status":"publish","date":"2021-01-20 19:12:35","date_utc":"2021-01-21 03:12:35","modified":"2025-01-21 10:33:33","modified_utc":"2025-01-21 18:33:33","url":"https:\/\/thereser.org\/es\/recinto\/centro-patricia-reser-para-las-artes\/","venue":"Centro Patricia Reser para las Artes","slug":"centro-patricia-reser-para-las-artes","address":"12625 SW Crescent St","city":"Beaverton","country":"United States","province":"O","zip":"97005","phone":"971-501-7762","website":"https:\/\/thereser.org\/","stateprovince":"O","json_ld":{"@type":"Place","name":"Centro Patricia Reser para las Artes","description":"","url":"https:\/\/thereser.org\/es\/recinto\/centro-patricia-reser-para-las-artes\/","address":{"@type":"PostalAddress","streetAddress":"12625 SW Crescent St","addressLocality":"Beaverton","addressRegion":"O","postalCode":"97005","addressCountry":"United States"},"telephone":"971-501-7762","sameAs":"https:\/\/thereser.org\/"},"show_map":false,"show_map_link":true,"global_id":"thereser.org\/es\/?id=12406","global_id_lineage":["thereser.org\/es\/?id=12406"]},"organizer":[],"custom_fields":[],"json_ld":{"@context":"http:\/\/schema.org","@type":"Event","name":"Primer viernes: Recepci\u00f3n inaugural","description":"&lt;p&gt;Primer viernes: Recepci\u00f3n inaugural Recepci\u00f3n de apertura: Karl LeClair y Miroslav Lovric 04 de agosto | 18 h \u2013 21 h Los recuerdos son fragmentos de momentos procesados y almacenados...&lt;\/p&gt;\\n","image":"https:\/\/thereser.org\/wp-content\/uploads\/2023\/07\/Aug-4_hero.png","url":"https:\/\/thereser.org\/es\/event\/primer-viernes-recepcion-inaugural\/","eventAttendanceMode":"https:\/\/schema.org\/OfflineEventAttendanceMode","eventStatus":"https:\/\/schema.org\/EventScheduled","startDate":"2023-08-04T18:00:00-07:00","endDate":"2023-08-04T21:00:00-07:00","location":{"@type":"Place","name":"Centro Patricia Reser para las Artes","description":"","url":"https:\/\/thereser.org\/es\/recinto\/centro-patricia-reser-para-las-artes\/","address":{"@type":"PostalAddress","streetAddress":"12625 SW Crescent St","addressLocality":"Beaverton","addressRegion":"O","postalCode":"97005","addressCountry":"United States"},"telephone":"971-501-7762","sameAs":"https:\/\/thereser.org\/"},"offers":{"@type":"Offer","price":"GRATIS","priceCurrency":"USD","url":"https:\/\/thereser.org\/es\/event\/primer-viernes-recepcion-inaugural\/","category":"primary","availability":"inStock","validFrom":"1970-01-01T00:00:00+00:00"},"performer":"Organization"},"is_virtual":false,"virtual_url":null,"virtual_video_source":""}