{"id":12277,"global_id":"thereser.org\/es\/?id=12277","global_id_lineage":["thereser.org\/es\/?id=12277"],"author":"3","status":"publish","date":"2023-02-13 15:52:26","date_utc":"2023-02-13 23:52:26","modified":"2025-03-11 11:25:45","modified_utc":"2025-03-11 18:25:45","url":"https:\/\/thereser.org\/es\/event\/campamento-de-vacaciones-de-primavera-el-santo-grial-de-monty-python\/","rest_url":"https:\/\/thereser.org\/es\/wp-json\/tribe\/events\/v1\/events\/12277","title":"Campamento de vacaciones de primavera: El Santo Grial de Monty Python","description":"<p>El Santo Grial<br \/>\nde los Monty Python del 27 al 31<br \/>\nde marzo Edades: 10-14 a\u00f1os<\/p>\n<p>Rey de los Britanos, est\u00e1 buscando al m\u00e1s digno de los caballeros para unirse a la b\u00fasqueda del Santo Grial. Con todos los personajes favoritos y escenas de la pel\u00edcula cl\u00e1sica de culto, esta obra se embarca en una aventura \u00e9pica a Camelot (un lugar muy tonto). Todo el mundo tiene un papel.<\/p>\n<p>La representaci\u00f3n final tendr\u00e1 lugar durante la \u00faltima clase.<\/p>","excerpt":"","slug":"campamento-de-vacaciones-de-primavera-el-santo-grial-de-monty-python","image":{"url":"https:\/\/thereser.org\/wp-content\/uploads\/2023\/02\/Monty_Hero.jpg","id":11147,"extension":"jpg","width":2280,"height":1536,"filesize":967705,"sizes":{"medium":{"width":300,"height":202,"mime-type":"image\/jpeg","filesize":84331,"url":"https:\/\/thereser.org\/wp-content\/uploads\/2023\/02\/Monty_Hero-300x202.jpg"},"large":{"width":1024,"height":690,"mime-type":"image\/jpeg","filesize":694177,"url":"https:\/\/thereser.org\/wp-content\/uploads\/2023\/02\/Monty_Hero-1024x690.jpg"},"thumbnail":{"width":150,"height":150,"mime-type":"image\/jpeg","filesize":33574,"url":"https:\/\/thereser.org\/wp-content\/uploads\/2023\/02\/Monty_Hero-150x150.jpg"},"medium_large":{"width":768,"height":517,"mime-type":"image\/jpeg","filesize":416093,"url":"https:\/\/thereser.org\/wp-content\/uploads\/2023\/02\/Monty_Hero-768x517.jpg"},"1536x1536":{"width":1536,"height":1035,"mime-type":"image\/jpeg","filesize":1428811,"url":"https:\/\/thereser.org\/wp-content\/uploads\/2023\/02\/Monty_Hero-1536x1035.jpg"},"2048x2048":{"width":2048,"height":1380,"mime-type":"image\/jpeg","filesize":2373945,"url":"https:\/\/thereser.org\/wp-content\/uploads\/2023\/02\/Monty_Hero-2048x1380.jpg"},"grid-image":{"width":1128,"height":1056,"mime-type":"image\/jpeg","filesize":1046599,"url":"https:\/\/thereser.org\/wp-content\/uploads\/2023\/02\/Monty_Hero-1128x1056.jpg"}}},"all_day":false,"start_date":"2023-03-27 09:00:00","start_date_details":{"year":"2023","month":"03","day":"27","hour":"09","minutes":"00","seconds":"00"},"end_date":"2023-03-31 16:00:00","end_date_details":{"year":"2023","month":"03","day":"31","hour":"16","minutes":"00","seconds":"00"},"utc_start_date":"2023-03-27 16:00:00","utc_start_date_details":{"year":"2023","month":"03","day":"27","hour":"16","minutes":"00","seconds":"00"},"utc_end_date":"2023-03-31 23:00:00","utc_end_date_details":{"year":"2023","month":"03","day":"31","hour":"23","minutes":"00","seconds":"00"},"timezone":"America\/Los_Angeles","timezone_abbr":"PDT","cost":"$420","cost_details":{"currency_symbol":"","currency_code":"","currency_position":"","values":["420"]},"website":"https:\/\/thereser.org\/es\/event\/campamento-de-vacaciones-de-primavera-el-santo-grial-de-monty-python\/","show_map":false,"show_map_link":false,"hide_from_listings":false,"sticky":false,"featured":false,"categories":[],"tags":[],"venue":{"id":12406,"author":"2","status":"publish","date":"2021-01-20 19:12:35","date_utc":"2021-01-21 03:12:35","modified":"2025-01-21 10:33:33","modified_utc":"2025-01-21 18:33:33","url":"https:\/\/thereser.org\/es\/recinto\/centro-patricia-reser-para-las-artes\/","venue":"Centro Patricia Reser para las Artes","slug":"centro-patricia-reser-para-las-artes","address":"12625 SW Crescent St","city":"Beaverton","country":"United States","province":"O","zip":"97005","phone":"971-501-7762","website":"https:\/\/thereser.org\/","stateprovince":"O","json_ld":{"@type":"Place","name":"Centro Patricia Reser para las Artes","description":"","url":"https:\/\/thereser.org\/es\/recinto\/centro-patricia-reser-para-las-artes\/","address":{"@type":"PostalAddress","streetAddress":"12625 SW Crescent St","addressLocality":"Beaverton","addressRegion":"O","postalCode":"97005","addressCountry":"United States"},"telephone":"971-501-7762","sameAs":"https:\/\/thereser.org\/"},"show_map":false,"show_map_link":true,"global_id":"thereser.org\/es\/?id=12406","global_id_lineage":["thereser.org\/es\/?id=12406"]},"organizer":[],"custom_fields":[],"json_ld":{"@context":"http:\/\/schema.org","@type":"Event","name":"Campamento de vacaciones de primavera: El Santo Grial de Monty Python","description":"&lt;p&gt;El Santo Grial de los Monty Python del 27 al 31 de marzo Edades: 10-14 a\u00f1os Rey de los Britanos, est\u00e1 buscando al m\u00e1s digno de los caballeros para unirse...&lt;\/p&gt;\\n","image":"https:\/\/thereser.org\/wp-content\/uploads\/2023\/02\/Monty_Hero.jpg","url":"https:\/\/thereser.org\/es\/event\/campamento-de-vacaciones-de-primavera-el-santo-grial-de-monty-python\/","eventAttendanceMode":"https:\/\/schema.org\/OfflineEventAttendanceMode","eventStatus":"https:\/\/schema.org\/EventScheduled","startDate":"2023-03-27T09:00:00-07:00","endDate":"2023-03-31T16:00:00-07:00","location":{"@type":"Place","name":"Centro Patricia Reser para las Artes","description":"","url":"https:\/\/thereser.org\/es\/recinto\/centro-patricia-reser-para-las-artes\/","address":{"@type":"PostalAddress","streetAddress":"12625 SW Crescent St","addressLocality":"Beaverton","addressRegion":"O","postalCode":"97005","addressCountry":"United States"},"telephone":"971-501-7762","sameAs":"https:\/\/thereser.org\/"},"offers":{"@type":"Offer","price":"420","priceCurrency":"USD","url":"https:\/\/thereser.org\/es\/event\/campamento-de-vacaciones-de-primavera-el-santo-grial-de-monty-python\/","category":"primary","availability":"inStock","validFrom":"1970-01-01T00:00:00+00:00"},"performer":"Organization"},"is_virtual":false,"virtual_url":null,"virtual_video_source":""}