{"id":12294,"global_id":"thereser.org\/es\/?id=12294","global_id_lineage":["thereser.org\/es\/?id=12294"],"author":"3","status":"publish","date":"2023-01-11 18:05:59","date_utc":"2023-01-12 02:05:59","modified":"2025-03-11 11:25:48","modified_utc":"2025-03-11 18:25:48","url":"https:\/\/thereser.org\/es\/event\/cuerdas-americanas-una-velada-con-guy-davis\/","rest_url":"https:\/\/thereser.org\/es\/wp-json\/tribe\/events\/v1\/events\/12294","title":"Cuerdas americanas: Una velada con Guy Davis","description":"<p>Cuerdas americanas: Una velada con Guy Davis.<\/p>\n<p>Presentada por Bob Santelli, historiador del rock y director de m\u00fasica popular y artes esc\u00e9nicas de la Universidad Estatal de Oreg\u00f3n, la serie American Strings re\u00fane a m\u00fasicos de todo el pa\u00eds para analizar en profundidad el papel que desempe\u00f1an los instrumentos de cuerda en la m\u00fasica estadounidense. Cada acto incluye una conversaci\u00f3n y una actuaci\u00f3n en directo de los artistas invitados.<\/p>\n<p>Santelli se sentar\u00e1 con Guy Davis, m\u00fasico, actor, autor y compositor, dos veces nominado al Grammy por Mejor Blues Tradicional, y hablar\u00e1 de su carrera, su m\u00fasica y su proceso creativo. La entrevista ir\u00e1 seguida de una actuaci\u00f3n en directo.<\/p>\n<p>Duraci\u00f3n: 90 min. Sin intermedio.<\/p>\n<p>Guy utiliza una mezcla de roots, blues, folk, rock, rap, spoken word y m\u00fasicas del mundo para comentar y abordar las frustraciones de la injusticia social, tocando acontecimientos hist\u00f3ricos y luchas cotidianas. Su formaci\u00f3n teatral se manifiesta en la narraci\u00f3n l\u00edrica de las canciones &#8220;God&#8217;s Gonna Make Things Over&#8221;, sobre la masacre racial de Tulsa de 1921, &#8220;Welcome to My World&#8221; y &#8220;Got Your Letter In My Pocket&#8221;. Su narrativa es a veces dolorosa, profunda y real, un contraste terrenal con la m\u00fasica comercial de hoy en d\u00eda, pensada para hacer pensar, subrayada por los suaves tonos de su guitarra o los dedos de su banjo.<\/p>\n<p>Guy gan\u00f3 el premio &#8220;Keeping The Blues Alive&#8221; y fue nominado por The Blues Foundation al mejor \u00e1lbum ac\u00fastico del a\u00f1o, al mejor artista ac\u00fastico del a\u00f1o y al mejor instrumentista. De hecho, ha sido nominado casi dos docenas de veces por la Blues Foundation.<\/p>\n<p>Entre los cientos de apariciones en prensa, tambi\u00e9n ha aparecido en art\u00edculos o cr\u00edticas de New York Times, Village Voice, Boston Globe, Pulse Magazine, Blues Magazine, Acoustic Guitar, Dirty Linen, Songlines, Blues Blast Magazine, Living Blues, Down At the Crossroads, The San Francisco Chronicle, Association For Independent Music (antes NAIRD), Playboy Magazine, National Public Radio (NPR), &#8220;Folk Alley&#8221; y Sirius.<\/p>\n<p>Cuando le han preguntado por su experiencia como int\u00e9rprete, Guy ha respondido: &#8220;No hay cuento tan alto que no pueda contar, ni canci\u00f3n tan dulce que no pueda cantar&#8221;.<\/p>","excerpt":"","slug":"cuerdas-americanas-una-velada-con-guy-davis","image":{"url":"https:\/\/thereser.org\/wp-content\/uploads\/2023\/01\/guydavis_webhero.png","id":11112,"extension":"png","width":2280,"height":1536,"filesize":4552248,"sizes":{"medium":{"width":300,"height":202,"mime-type":"image\/png","filesize":120666,"url":"https:\/\/thereser.org\/wp-content\/uploads\/2023\/01\/guydavis_webhero-300x202.png"},"large":{"width":1024,"height":690,"mime-type":"image\/png","filesize":1175437,"url":"https:\/\/thereser.org\/wp-content\/uploads\/2023\/01\/guydavis_webhero-1024x690.png"},"thumbnail":{"width":150,"height":150,"mime-type":"image\/png","filesize":48265,"url":"https:\/\/thereser.org\/wp-content\/uploads\/2023\/01\/guydavis_webhero-150x150.png"},"medium_large":{"width":768,"height":517,"mime-type":"image\/png","filesize":704883,"url":"https:\/\/thereser.org\/wp-content\/uploads\/2023\/01\/guydavis_webhero-768x517.png"},"1536x1536":{"width":1536,"height":1035,"mime-type":"image\/png","filesize":2304667,"url":"https:\/\/thereser.org\/wp-content\/uploads\/2023\/01\/guydavis_webhero-1536x1035.png"},"2048x2048":{"width":2048,"height":1380,"mime-type":"image\/png","filesize":3619983,"url":"https:\/\/thereser.org\/wp-content\/uploads\/2023\/01\/guydavis_webhero-2048x1380.png"},"grid-image":{"width":1128,"height":1056,"mime-type":"image\/png","filesize":1761880,"url":"https:\/\/thereser.org\/wp-content\/uploads\/2023\/01\/guydavis_webhero-1128x1056.png"}}},"all_day":false,"start_date":"2023-02-17 19:30:00","start_date_details":{"year":"2023","month":"02","day":"17","hour":"19","minutes":"30","seconds":"00"},"end_date":"2023-02-17 21:00:00","end_date_details":{"year":"2023","month":"02","day":"17","hour":"21","minutes":"00","seconds":"00"},"utc_start_date":"2023-02-18 03:30:00","utc_start_date_details":{"year":"2023","month":"02","day":"18","hour":"03","minutes":"30","seconds":"00"},"utc_end_date":"2023-02-18 05:00:00","utc_end_date_details":{"year":"2023","month":"02","day":"18","hour":"05","minutes":"00","seconds":"00"},"timezone":"America\/Los_Angeles","timezone_abbr":"PST","cost":"$25","cost_details":{"currency_symbol":"","currency_code":"","currency_position":"","values":["25"]},"website":"https:\/\/thereser.org\/es\/event\/cuerdas-americanas-una-velada-con-guy-davis\/","show_map":false,"show_map_link":false,"hide_from_listings":false,"sticky":false,"featured":false,"categories":[],"tags":[],"venue":{"id":12406,"author":"2","status":"publish","date":"2021-01-20 19:12:35","date_utc":"2021-01-21 03:12:35","modified":"2025-01-21 10:33:33","modified_utc":"2025-01-21 18:33:33","url":"https:\/\/thereser.org\/es\/recinto\/centro-patricia-reser-para-las-artes\/","venue":"Centro Patricia Reser para las Artes","slug":"centro-patricia-reser-para-las-artes","address":"12625 SW Crescent St","city":"Beaverton","country":"United States","province":"O","zip":"97005","phone":"971-501-7762","website":"https:\/\/thereser.org\/","stateprovince":"O","json_ld":{"@type":"Place","name":"Centro Patricia Reser para las Artes","description":"","url":"https:\/\/thereser.org\/es\/recinto\/centro-patricia-reser-para-las-artes\/","address":{"@type":"PostalAddress","streetAddress":"12625 SW Crescent St","addressLocality":"Beaverton","addressRegion":"O","postalCode":"97005","addressCountry":"United States"},"telephone":"971-501-7762","sameAs":"https:\/\/thereser.org\/"},"show_map":false,"show_map_link":true,"global_id":"thereser.org\/es\/?id=12406","global_id_lineage":["thereser.org\/es\/?id=12406"]},"organizer":[],"custom_fields":[],"json_ld":{"@context":"http:\/\/schema.org","@type":"Event","name":"Cuerdas americanas: Una velada con Guy Davis","description":"&lt;p&gt;Cuerdas americanas: Una velada con Guy Davis. Presentada por Bob Santelli, historiador del rock y director de m\u00fasica popular y artes esc\u00e9nicas de la Universidad Estatal de Oreg\u00f3n, la serie...&lt;\/p&gt;\\n","image":"https:\/\/thereser.org\/wp-content\/uploads\/2023\/01\/guydavis_webhero.png","url":"https:\/\/thereser.org\/es\/event\/cuerdas-americanas-una-velada-con-guy-davis\/","eventAttendanceMode":"https:\/\/schema.org\/OfflineEventAttendanceMode","eventStatus":"https:\/\/schema.org\/EventScheduled","startDate":"2023-02-17T19:30:00-08:00","endDate":"2023-02-17T21:00:00-08:00","location":{"@type":"Place","name":"Centro Patricia Reser para las Artes","description":"","url":"https:\/\/thereser.org\/es\/recinto\/centro-patricia-reser-para-las-artes\/","address":{"@type":"PostalAddress","streetAddress":"12625 SW Crescent St","addressLocality":"Beaverton","addressRegion":"O","postalCode":"97005","addressCountry":"United States"},"telephone":"971-501-7762","sameAs":"https:\/\/thereser.org\/"},"offers":{"@type":"Offer","price":"25","priceCurrency":"USD","url":"https:\/\/thereser.org\/es\/event\/cuerdas-americanas-una-velada-con-guy-davis\/","category":"primary","availability":"inStock","validFrom":"1970-01-01T00:00:00+00:00"},"performer":"Organization"},"is_virtual":false,"virtual_url":null,"virtual_video_source":""}