{"id":12546,"global_id":"thereser.org\/es\/?id=12546","global_id_lineage":["thereser.org\/es\/?id=12546"],"author":"3","status":"publish","date":"2022-12-12 19:36:25","date_utc":"2022-12-13 03:36:25","modified":"2025-03-11 10:22:25","modified_utc":"2025-03-11 17:22:25","url":"https:\/\/thereser.org\/es\/event\/celebra-con-pops-en-directo-en-oregon\/","rest_url":"https:\/\/thereser.org\/es\/wp-json\/tribe\/events\/v1\/events\/12546","title":"Celebra con Pops &#8211; En directo en Oreg\u00f3n","description":"<p>Celebrate With Pops &#8211; En directo en Oreg\u00f3n<\/p>\n<p>El 13 de enero a las 19:00, venga a ver a Pops Fernandez en directo en el Patricia Reser Center for the Arts, un nuevo y espectacular espacio para las artes esc\u00e9nicas. Acomp\u00e1\u00f1enos en una velada inolvidable para celebrar el A\u00f1o Nuevo con Pops en su primera aparici\u00f3n en Oreg\u00f3n.<\/p>\n<p>Este acto est\u00e1 organizado por Venaglia International Productions, que trae artistas filipinos al noroeste del Pac\u00edfico, y la Fundaci\u00f3n Calabarzon. La recaudaci\u00f3n de este acto se destinar\u00e1 a la Fundaci\u00f3n Calabarzon, cuya misi\u00f3n es proporcionar atenci\u00f3n odontol\u00f3gica gratuita, material y educaci\u00f3n a las comunidades rurales y empobrecidas de Filipinas y el Sudeste Asi\u00e1tico.<\/p>\n<p>Duraci\u00f3n:<br \/>\n1\u00aa serie 40 min<br \/>\nIntermedio 20 min<br \/>\n2\u00aa serie 75 min<\/p>","excerpt":"","slug":"celebra-con-pops-en-directo-en-oregon","image":{"url":"https:\/\/thereser.org\/wp-content\/uploads\/2022\/12\/Pops-Hero-Image.png","id":11109,"extension":"png","width":2280,"height":1536,"filesize":1606624,"sizes":{"medium":{"width":300,"height":202,"mime-type":"image\/png","filesize":35309,"url":"https:\/\/thereser.org\/wp-content\/uploads\/2022\/12\/Pops-Hero-Image-300x202.png"},"large":{"width":1024,"height":690,"mime-type":"image\/png","filesize":369719,"url":"https:\/\/thereser.org\/wp-content\/uploads\/2022\/12\/Pops-Hero-Image-1024x690.png"},"thumbnail":{"width":150,"height":150,"mime-type":"image\/png","filesize":20052,"url":"https:\/\/thereser.org\/wp-content\/uploads\/2022\/12\/Pops-Hero-Image-150x150.png"},"medium_large":{"width":768,"height":517,"mime-type":"image\/png","filesize":214602,"url":"https:\/\/thereser.org\/wp-content\/uploads\/2022\/12\/Pops-Hero-Image-768x517.png"},"1536x1536":{"width":1536,"height":1035,"mime-type":"image\/png","filesize":759130,"url":"https:\/\/thereser.org\/wp-content\/uploads\/2022\/12\/Pops-Hero-Image-1536x1035.png"},"2048x2048":{"width":2048,"height":1380,"mime-type":"image\/png","filesize":1247014,"url":"https:\/\/thereser.org\/wp-content\/uploads\/2022\/12\/Pops-Hero-Image-2048x1380.png"},"grid-image":{"width":1128,"height":1056,"mime-type":"image\/png","filesize":730797,"url":"https:\/\/thereser.org\/wp-content\/uploads\/2022\/12\/Pops-Hero-Image-1128x1056.png"}}},"all_day":false,"start_date":"2023-01-13 19:00:00","start_date_details":{"year":"2023","month":"01","day":"13","hour":"19","minutes":"00","seconds":"00"},"end_date":"2023-01-13 21:00:00","end_date_details":{"year":"2023","month":"01","day":"13","hour":"21","minutes":"00","seconds":"00"},"utc_start_date":"2023-01-14 03:00:00","utc_start_date_details":{"year":"2023","month":"01","day":"14","hour":"03","minutes":"00","seconds":"00"},"utc_end_date":"2023-01-14 05:00:00","utc_end_date_details":{"year":"2023","month":"01","day":"14","hour":"05","minutes":"00","seconds":"00"},"timezone":"America\/Los_Angeles","timezone_abbr":"PST","cost":"$72 \u2013 $152","cost_details":{"currency_symbol":"","currency_code":"","currency_position":"","values":["72","152"]},"website":"https:\/\/thereser.org\/es\/event\/celebra-con-pops-en-directo-en-oregon\/","show_map":false,"show_map_link":false,"hide_from_listings":false,"sticky":false,"featured":false,"categories":[],"tags":[],"venue":{"id":12406,"author":"2","status":"publish","date":"2021-01-20 19:12:35","date_utc":"2021-01-21 03:12:35","modified":"2025-01-21 10:33:33","modified_utc":"2025-01-21 18:33:33","url":"https:\/\/thereser.org\/es\/recinto\/centro-patricia-reser-para-las-artes\/","venue":"Centro Patricia Reser para las Artes","slug":"centro-patricia-reser-para-las-artes","address":"12625 SW Crescent St","city":"Beaverton","country":"United States","province":"O","zip":"97005","phone":"971-501-7762","website":"https:\/\/thereser.org\/","stateprovince":"O","json_ld":{"@type":"Place","name":"Centro Patricia Reser para las Artes","description":"","url":"https:\/\/thereser.org\/es\/recinto\/centro-patricia-reser-para-las-artes\/","address":{"@type":"PostalAddress","streetAddress":"12625 SW Crescent St","addressLocality":"Beaverton","addressRegion":"O","postalCode":"97005","addressCountry":"United States"},"telephone":"971-501-7762","sameAs":"https:\/\/thereser.org\/"},"show_map":false,"show_map_link":true,"global_id":"thereser.org\/es\/?id=12406","global_id_lineage":["thereser.org\/es\/?id=12406"]},"organizer":[],"custom_fields":[],"json_ld":{"@context":"http:\/\/schema.org","@type":"Event","name":"Celebra con Pops &#8211; En directo en Oreg\u00f3n","description":"&lt;p&gt;Celebrate With Pops - En directo en Oreg\u00f3n El 13 de enero a las 19:00, venga a ver a Pops Fernandez en directo en el Patricia Reser Center for the...&lt;\/p&gt;\\n","image":"https:\/\/thereser.org\/wp-content\/uploads\/2022\/12\/Pops-Hero-Image.png","url":"https:\/\/thereser.org\/es\/event\/celebra-con-pops-en-directo-en-oregon\/","eventAttendanceMode":"https:\/\/schema.org\/OfflineEventAttendanceMode","eventStatus":"https:\/\/schema.org\/EventScheduled","startDate":"2023-01-13T19:00:00-08:00","endDate":"2023-01-13T21:00:00-08:00","location":{"@type":"Place","name":"Centro Patricia Reser para las Artes","description":"","url":"https:\/\/thereser.org\/es\/recinto\/centro-patricia-reser-para-las-artes\/","address":{"@type":"PostalAddress","streetAddress":"12625 SW Crescent St","addressLocality":"Beaverton","addressRegion":"O","postalCode":"97005","addressCountry":"United States"},"telephone":"971-501-7762","sameAs":"https:\/\/thereser.org\/"},"offers":{"@type":"Offer","price":"72 \u2013 152","priceCurrency":"USD","url":"https:\/\/thereser.org\/es\/event\/celebra-con-pops-en-directo-en-oregon\/","category":"primary","availability":"inStock","validFrom":"1970-01-01T00:00:00+00:00"},"performer":"Organization"},"is_virtual":false,"virtual_url":null,"virtual_video_source":""}