{"id":16229,"global_id":"thereser.org\/es\/?id=16229","global_id_lineage":["thereser.org\/es\/?id=16229"],"author":"13","status":"publish","date":"2024-10-28 11:33:37","date_utc":"2024-10-28 18:33:37","modified":"2025-03-11 13:57:53","modified_utc":"2025-03-11 20:57:53","url":"https:\/\/thereser.org\/es\/event\/jardin-sonoro\/","rest_url":"https:\/\/thereser.org\/es\/wp-json\/tribe\/events\/v1\/events\/16229","title":"Jard\u00edn Sonoro","description":"<p class=\"p1\">El conjunto de la Camerata del PEP regresa con un emocionante programa que combina la elegancia de las tradiciones cl\u00e1sicas con vibrantes composiciones modernas. Nuestro primer concierto de Camerata del a\u00f1o cuenta con el invitado especial Llewellyn S\u00c1NCHEZ-WERNER, piano. <\/p>\n<p class=\"p1\">La Rapsodia Sinf\u00f3nica de Joaqu\u00edn Turina abre la velada, mostrando exuberantes temas de inspiraci\u00f3n espa\u00f1ola que fluyen y refluyen con ricas armon\u00edas. Le seguir\u00e1 la melanc\u00f3lica y virtuosa Mal\u00e9diction de Franz Liszt, un poderoso escaparate para el piano. <\/p>\n<p class=\"p1\">La juguetona y refinada Wedding Cake de Camille Saint-Sa\u00ebns, una brillante obra maestra, completa la primera mitad, dejando al p\u00fablico listo para lo que vendr\u00e1 despu\u00e9s del intermedio.<\/p>\n<p class=\"p1\">Los sonidos contempor\u00e1neos ocupan un lugar central con las evocadoras Rounds for Piano and String Orchestra de Jessie Montgomery, que mezclan el ritmo y la melod\u00eda de formas frescas y emocionantes. La intensidad aumenta con el Concertino para piano, cuerdas y platillos de Carlos Surinach, una electrizante pieza de mediados del siglo XX llena de cambios en\u00e9rgicos entre sus tres movimientos, que van desde lo l\u00edrico hasta lo ardiente. <\/p>\n<p class=\"p1\">La juguetona y din\u00e1mica Mischief Dance de Bruce Stark sirve como un delicioso bis, asegurando que este concierto de la Camerata del PEP dejar\u00e1 al p\u00fablico euf\u00f3rico y encantado.<\/p>\n<p class=\"p1\"><strong>Programa<\/strong><\/p>\n<p class=\"p1\"><strong>Joaqu\u00edn Turina<\/strong>: Rapsodia Sinfonica<br \/>\n<strong>Franz Liszt<\/strong>: Maldici\u00f3n<br \/>\n<strong>Camille Saint-Sa\u00ebns: Pastel de bodas<\/strong><\/p>\n<p class=\"p1\"><em>Entreacto<\/em><br \/>\n<strong>Jessie Montgomery<\/strong>: Rounds para piano y orquesta<br \/>\n de cuerdas<strong>Carlos Surinach<\/strong>: Concertino para piano, orquesta de cuerdas y platillos<br \/>\n<strong>Bruce Stark<\/strong>: Mischief Dance (estreno mundial)<\/p>","excerpt":"","slug":"jardin-sonoro","image":{"url":"https:\/\/thereser.org\/wp-content\/uploads\/2024\/10\/241230_SoundgardenForReser.jpg","id":16955,"extension":"jpg","width":2280,"height":1536,"filesize":452109,"sizes":{"medium":{"width":300,"height":202,"mime-type":"image\/jpeg","filesize":86212,"url":"https:\/\/thereser.org\/wp-content\/uploads\/2024\/10\/241230_SoundgardenForReser-300x202.jpg"},"large":{"width":1024,"height":690,"mime-type":"image\/jpeg","filesize":567692,"url":"https:\/\/thereser.org\/wp-content\/uploads\/2024\/10\/241230_SoundgardenForReser-1024x690.jpg"},"thumbnail":{"width":150,"height":150,"mime-type":"image\/jpeg","filesize":43392,"url":"https:\/\/thereser.org\/wp-content\/uploads\/2024\/10\/241230_SoundgardenForReser-150x150.jpg"},"medium_large":{"width":768,"height":517,"mime-type":"image\/jpeg","filesize":357892,"url":"https:\/\/thereser.org\/wp-content\/uploads\/2024\/10\/241230_SoundgardenForReser-768x517.jpg"},"1536x1536":{"width":1536,"height":1035,"mime-type":"image\/jpeg","filesize":1080164,"url":"https:\/\/thereser.org\/wp-content\/uploads\/2024\/10\/241230_SoundgardenForReser-1536x1035.jpg"},"2048x2048":{"width":2048,"height":1380,"mime-type":"image\/jpeg","filesize":1673028,"url":"https:\/\/thereser.org\/wp-content\/uploads\/2024\/10\/241230_SoundgardenForReser-2048x1380.jpg"},"grid-image":{"width":1128,"height":1056,"mime-type":"image\/jpeg","filesize":804375,"url":"https:\/\/thereser.org\/wp-content\/uploads\/2024\/10\/241230_SoundgardenForReser-1128x1056.jpg"},"gform-image-choice-sm":{"width":300,"height":300,"mime-type":"image\/jpeg","filesize":108448,"url":"https:\/\/thereser.org\/wp-content\/uploads\/2024\/10\/241230_SoundgardenForReser-300x300.jpg"},"gform-image-choice-md":{"width":400,"height":400,"mime-type":"image\/jpeg","filesize":164273,"url":"https:\/\/thereser.org\/wp-content\/uploads\/2024\/10\/241230_SoundgardenForReser-400x400.jpg"},"gform-image-choice-lg":{"width":600,"height":600,"mime-type":"image\/jpeg","filesize":308611,"url":"https:\/\/thereser.org\/wp-content\/uploads\/2024\/10\/241230_SoundgardenForReser-600x600.jpg"}}},"all_day":false,"start_date":"2025-01-10 19:30:00","start_date_details":{"year":"2025","month":"01","day":"10","hour":"19","minutes":"30","seconds":"00"},"end_date":"2025-01-10 23:00:00","end_date_details":{"year":"2025","month":"01","day":"10","hour":"23","minutes":"00","seconds":"00"},"utc_start_date":"2025-01-11 03:30:00","utc_start_date_details":{"year":"2025","month":"01","day":"11","hour":"03","minutes":"30","seconds":"00"},"utc_end_date":"2025-01-11 07:00:00","utc_end_date_details":{"year":"2025","month":"01","day":"11","hour":"07","minutes":"00","seconds":"00"},"timezone":"America\/Los_Angeles","timezone_abbr":"PST","cost":"$12.50 \u2013 $20.50","cost_details":{"currency_symbol":"","currency_code":"","currency_position":"","values":["12.50","20.50"]},"website":"https:\/\/thereser.org\/es\/event\/jardin-sonoro\/","show_map":false,"show_map_link":true,"hide_from_listings":false,"sticky":false,"featured":false,"categories":[{"name":"Concierto","slug":"concierto","term_group":0,"term_taxonomy_id":76,"taxonomy":"tribe_events_cat","description":"","parent":0,"count":142,"filter":"raw","id":76,"urls":{"self":"https:\/\/thereser.org\/es\/wp-json\/tribe\/events\/v1\/categories\/76","collection":"https:\/\/thereser.org\/es\/wp-json\/tribe\/events\/v1\/categories"}}],"tags":[],"venue":{"id":12406,"author":"2","status":"publish","date":"2021-01-20 19:12:35","date_utc":"2021-01-21 03:12:35","modified":"2025-01-21 10:33:33","modified_utc":"2025-01-21 18:33:33","url":"https:\/\/thereser.org\/es\/recinto\/centro-patricia-reser-para-las-artes\/","venue":"Centro Patricia Reser para las Artes","slug":"centro-patricia-reser-para-las-artes","address":"12625 SW Crescent St","city":"Beaverton","country":"United States","province":"O","zip":"97005","phone":"971-501-7762","website":"https:\/\/thereser.org\/","stateprovince":"O","json_ld":{"@type":"Place","name":"Centro Patricia Reser para las Artes","description":"","url":"https:\/\/thereser.org\/es\/recinto\/centro-patricia-reser-para-las-artes\/","address":{"@type":"PostalAddress","streetAddress":"12625 SW Crescent St","addressLocality":"Beaverton","addressRegion":"O","postalCode":"97005","addressCountry":"United States"},"telephone":"971-501-7762","sameAs":"https:\/\/thereser.org\/"},"show_map":false,"show_map_link":true,"global_id":"thereser.org\/es\/?id=12406","global_id_lineage":["thereser.org\/es\/?id=12406"]},"organizer":[],"custom_fields":[],"json_ld":{"@context":"http:\/\/schema.org","@type":"Event","name":"Jard\u00edn Sonoro","description":"&lt;p&gt;El conjunto de la Camerata del PEP regresa con un emocionante programa que combina la elegancia de las tradiciones cl\u00e1sicas con vibrantes composiciones modernas. Nuestro primer concierto de Camerata del...&lt;\/p&gt;\\n","image":"https:\/\/thereser.org\/wp-content\/uploads\/2024\/10\/241230_SoundgardenForReser.jpg","url":"https:\/\/thereser.org\/es\/event\/jardin-sonoro\/","eventAttendanceMode":"https:\/\/schema.org\/OfflineEventAttendanceMode","eventStatus":"https:\/\/schema.org\/EventScheduled","startDate":"2025-01-10T19:30:00-08:00","endDate":"2025-01-10T23:00:00-08:00","location":{"@type":"Place","name":"Centro Patricia Reser para las Artes","description":"","url":"https:\/\/thereser.org\/es\/recinto\/centro-patricia-reser-para-las-artes\/","address":{"@type":"PostalAddress","streetAddress":"12625 SW Crescent St","addressLocality":"Beaverton","addressRegion":"O","postalCode":"97005","addressCountry":"United States"},"telephone":"971-501-7762","sameAs":"https:\/\/thereser.org\/"},"offers":{"@type":"Offer","price":"12.50 \u2013 20.50","priceCurrency":"USD","url":"https:\/\/thereser.org\/es\/event\/jardin-sonoro\/","category":"primary","availability":"inStock","validFrom":"1970-01-01T00:00:00+00:00"},"performer":"Organization"},"is_virtual":false,"virtual_url":null,"virtual_video_source":""}