{"id":19079,"global_id":"thereser.org\/es\/?id=19079","global_id_lineage":["thereser.org\/es\/?id=19079"],"author":"13","status":"publish","date":"2025-05-12 09:34:26","date_utc":"2025-05-12 16:34:26","modified":"2025-05-12 09:55:46","modified_utc":"2025-05-12 16:55:46","url":"https:\/\/thereser.org\/es\/event\/campamento-de-verano-el-descumpleanos-del-sombrerero-loco\/","rest_url":"https:\/\/thereser.org\/es\/wp-json\/tribe\/events\/v1\/events\/19079","title":"Campamento de verano: El descumplea\u00f1os del Sombrerero Loco","description":"<p>\u00a1Un muy feliz cumplea\u00f1os para ti! Viaja a trav\u00e9s del espejo al mundo confuso y alocado del Pa\u00eds de las Maravillas. Bebe t\u00e9 con el Sombrerero Loco o sigue al conejo blanco a una fiesta misteriosa. Hay mucho por descubrir aqu\u00ed. \u00a1Solo aseg\u00farese de mantener la cabeza en este campamento de exploraci\u00f3n de NWCT!    <\/p>\n<p>Los campamentos de exploraci\u00f3n de NWCT combinan juegos de teatro, construcci\u00f3n de mundos imaginativos y aventuras. Se realizar\u00e1 una demostraci\u00f3n informal durante los \u00faltimos 15 minutos del \u00faltimo d\u00eda de clase.<\/p>\n<p>De 6 a 9 a\u00f1os, de<br \/>\n9 a.m. a 12 p.m.<\/p>","excerpt":"","slug":"campamento-de-verano-el-descumpleanos-del-sombrerero-loco","image":{"url":"https:\/\/thereser.org\/wp-content\/uploads\/2025\/05\/Mad-Hatter-Unbirthday_hero.png","id":19072,"extension":"png","width":2280,"height":1536,"filesize":3177186,"sizes":{"medium":{"width":300,"height":202,"mime-type":"image\/png","filesize":76982,"url":"https:\/\/thereser.org\/wp-content\/uploads\/2025\/05\/Mad-Hatter-Unbirthday_hero-300x202.png"},"large":{"width":1024,"height":690,"mime-type":"image\/png","filesize":559540,"url":"https:\/\/thereser.org\/wp-content\/uploads\/2025\/05\/Mad-Hatter-Unbirthday_hero-1024x690.png"},"thumbnail":{"width":150,"height":150,"mime-type":"image\/png","filesize":35686,"url":"https:\/\/thereser.org\/wp-content\/uploads\/2025\/05\/Mad-Hatter-Unbirthday_hero-150x150.png"},"medium_large":{"width":768,"height":517,"mime-type":"image\/png","filesize":367325,"url":"https:\/\/thereser.org\/wp-content\/uploads\/2025\/05\/Mad-Hatter-Unbirthday_hero-768x517.png"},"1536x1536":{"width":1536,"height":1035,"mime-type":"image\/png","filesize":954741,"url":"https:\/\/thereser.org\/wp-content\/uploads\/2025\/05\/Mad-Hatter-Unbirthday_hero-1536x1035.png"},"2048x2048":{"width":2048,"height":1380,"mime-type":"image\/png","filesize":1384946,"url":"https:\/\/thereser.org\/wp-content\/uploads\/2025\/05\/Mad-Hatter-Unbirthday_hero-2048x1380.png"},"grid-image":{"width":1128,"height":1056,"mime-type":"image\/png","filesize":735673,"url":"https:\/\/thereser.org\/wp-content\/uploads\/2025\/05\/Mad-Hatter-Unbirthday_hero-1128x1056.png"}}},"all_day":false,"start_date":"2025-08-11 09:00:00","start_date_details":{"year":"2025","month":"08","day":"11","hour":"09","minutes":"00","seconds":"00"},"end_date":"2025-08-15 12:00:00","end_date_details":{"year":"2025","month":"08","day":"15","hour":"12","minutes":"00","seconds":"00"},"utc_start_date":"2025-08-11 16:00:00","utc_start_date_details":{"year":"2025","month":"08","day":"11","hour":"16","minutes":"00","seconds":"00"},"utc_end_date":"2025-08-15 19:00:00","utc_end_date_details":{"year":"2025","month":"08","day":"15","hour":"19","minutes":"00","seconds":"00"},"timezone":"America\/Los_Angeles","timezone_abbr":"PDT","cost":"$249","cost_details":{"currency_symbol":"","currency_code":"","currency_position":"","values":["249"]},"website":"https:\/\/thereser.org\/es\/event\/campamento-de-verano-el-descumpleanos-del-sombrerero-loco\/","show_map":false,"show_map_link":true,"hide_from_listings":false,"sticky":false,"featured":false,"categories":[{"name":"Clases","slug":"clases","term_group":0,"term_taxonomy_id":181,"taxonomy":"tribe_events_cat","description":"","parent":0,"count":86,"filter":"raw","id":181,"urls":{"self":"https:\/\/thereser.org\/es\/wp-json\/tribe\/events\/v1\/categories\/181","collection":"https:\/\/thereser.org\/es\/wp-json\/tribe\/events\/v1\/categories"}},{"name":"Ni\u00f1os","slug":"ninos","term_group":0,"term_taxonomy_id":110,"taxonomy":"tribe_events_cat","description":"","parent":0,"count":38,"filter":"raw","id":110,"urls":{"self":"https:\/\/thereser.org\/es\/wp-json\/tribe\/events\/v1\/categories\/110","collection":"https:\/\/thereser.org\/es\/wp-json\/tribe\/events\/v1\/categories"}},{"name":"Teatro","slug":"teatro","term_group":0,"term_taxonomy_id":112,"taxonomy":"tribe_events_cat","description":"","parent":0,"count":20,"filter":"raw","id":112,"urls":{"self":"https:\/\/thereser.org\/es\/wp-json\/tribe\/events\/v1\/categories\/112","collection":"https:\/\/thereser.org\/es\/wp-json\/tribe\/events\/v1\/categories"}}],"tags":[{"name":"clase","slug":"clase","term_group":0,"term_taxonomy_id":183,"taxonomy":"post_tag","description":"","parent":0,"count":68,"filter":"raw","id":183,"urls":{"self":"https:\/\/thereser.org\/es\/wp-json\/tribe\/events\/v1\/tags\/183","collection":"https:\/\/thereser.org\/es\/wp-json\/tribe\/events\/v1\/tags"}},{"name":"Ni\u00f1os","slug":"ninos","term_group":0,"term_taxonomy_id":150,"taxonomy":"post_tag","description":"","parent":0,"count":37,"filter":"raw","id":150,"urls":{"self":"https:\/\/thereser.org\/es\/wp-json\/tribe\/events\/v1\/tags\/150","collection":"https:\/\/thereser.org\/es\/wp-json\/tribe\/events\/v1\/tags"}},{"name":"Teatro","slug":"teatro","term_group":0,"term_taxonomy_id":192,"taxonomy":"post_tag","description":"","parent":0,"count":14,"filter":"raw","id":192,"urls":{"self":"https:\/\/thereser.org\/es\/wp-json\/tribe\/events\/v1\/tags\/192","collection":"https:\/\/thereser.org\/es\/wp-json\/tribe\/events\/v1\/tags"}}],"venue":{"id":12406,"author":"2","status":"publish","date":"2021-01-20 19:12:35","date_utc":"2021-01-21 03:12:35","modified":"2025-01-21 10:33:33","modified_utc":"2025-01-21 18:33:33","url":"https:\/\/thereser.org\/es\/recinto\/centro-patricia-reser-para-las-artes\/","venue":"Centro Patricia Reser para las Artes","slug":"centro-patricia-reser-para-las-artes","address":"12625 SW Crescent St","city":"Beaverton","country":"United States","province":"O","zip":"97005","phone":"971-501-7762","website":"https:\/\/thereser.org\/","stateprovince":"O","json_ld":{"@type":"Place","name":"Centro Patricia Reser para las Artes","description":"","url":"https:\/\/thereser.org\/es\/recinto\/centro-patricia-reser-para-las-artes\/","address":{"@type":"PostalAddress","streetAddress":"12625 SW Crescent St","addressLocality":"Beaverton","addressRegion":"O","postalCode":"97005","addressCountry":"United States"},"telephone":"971-501-7762","sameAs":"https:\/\/thereser.org\/"},"show_map":false,"show_map_link":true,"global_id":"thereser.org\/es\/?id=12406","global_id_lineage":["thereser.org\/es\/?id=12406"]},"organizer":[],"custom_fields":[],"json_ld":{"@context":"http:\/\/schema.org","@type":"Event","name":"Campamento de verano: El descumplea\u00f1os del Sombrerero Loco","description":"&lt;p&gt;\u00a1Un muy feliz cumplea\u00f1os para ti! Viaja a trav\u00e9s del espejo al mundo confuso y alocado del Pa\u00eds de las Maravillas. Bebe t\u00e9 con el Sombrerero Loco o sigue al...&lt;\/p&gt;\\n","image":"https:\/\/thereser.org\/wp-content\/uploads\/2025\/05\/Mad-Hatter-Unbirthday_hero.png","url":"https:\/\/thereser.org\/es\/event\/campamento-de-verano-el-descumpleanos-del-sombrerero-loco\/","eventAttendanceMode":"https:\/\/schema.org\/OfflineEventAttendanceMode","eventStatus":"https:\/\/schema.org\/EventScheduled","startDate":"2025-08-11T09:00:00-07:00","endDate":"2025-08-15T12:00:00-07:00","location":{"@type":"Place","name":"Centro Patricia Reser para las Artes","description":"","url":"https:\/\/thereser.org\/es\/recinto\/centro-patricia-reser-para-las-artes\/","address":{"@type":"PostalAddress","streetAddress":"12625 SW Crescent St","addressLocality":"Beaverton","addressRegion":"O","postalCode":"97005","addressCountry":"United States"},"telephone":"971-501-7762","sameAs":"https:\/\/thereser.org\/"},"offers":{"@type":"Offer","price":"249","priceCurrency":"USD","url":"https:\/\/thereser.org\/es\/event\/campamento-de-verano-el-descumpleanos-del-sombrerero-loco\/","category":"primary","availability":"inStock","validFrom":"1970-01-01T00:00:00+00:00"},"performer":"Organization"},"is_virtual":false,"virtual_url":null,"virtual_video_source":""}